{"id":2413,"date":"2025-05-12T11:33:22","date_gmt":"2025-05-12T09:33:22","guid":{"rendered":"https:\/\/mtv48hildesheim.de\/content\/zeitung\/?p=2413"},"modified":"2025-05-12T11:33:22","modified_gmt":"2025-05-12T09:33:22","slug":"die-inlineabteilung-veranstaltet-die-skate-by-night","status":"publish","type":"post","link":"https:\/\/mtv48hildesheim.de\/content\/zeitung\/2025\/05\/12\/die-inlineabteilung-veranstaltet-die-skate-by-night\/","title":{"rendered":"Die Inlineabteilung veranstaltet die skate by night"},"content":{"rendered":"<div class=\"wp-block-image\">\n<figure class=\"aligncenter size-large\"><a href=\"https:\/\/mtv48hildesheim.de\/content\/zeitung\/wp-content\/uploads\/2025\/05\/20220825_204934.jpg\"><img loading=\"lazy\" decoding=\"async\" width=\"819\" height=\"1024\" src=\"https:\/\/mtv48hildesheim.de\/content\/zeitung\/wp-content\/uploads\/2025\/05\/20220825_204934-819x1024.jpg\" alt=\"\" class=\"wp-image-2414\" srcset=\"https:\/\/mtv48hildesheim.de\/content\/zeitung\/wp-content\/uploads\/2025\/05\/20220825_204934-819x1024.jpg 819w, https:\/\/mtv48hildesheim.de\/content\/zeitung\/wp-content\/uploads\/2025\/05\/20220825_204934-240x300.jpg 240w, https:\/\/mtv48hildesheim.de\/content\/zeitung\/wp-content\/uploads\/2025\/05\/20220825_204934-768x960.jpg 768w, https:\/\/mtv48hildesheim.de\/content\/zeitung\/wp-content\/uploads\/2025\/05\/20220825_204934-1229x1536.jpg 1229w, https:\/\/mtv48hildesheim.de\/content\/zeitung\/wp-content\/uploads\/2025\/05\/20220825_204934.jpg 1568w\" sizes=\"auto, (max-width: 819px) 100vw, 819px\" \/><\/a><\/figure>\n<\/div>\n\n\n<p>Ziemlich kurzfristig hat der MTV 48 die skate by night Veranstaltungen, die schon seit vielen Jahren in Hildesheim stattfinden, und bisher von den Inlineskatern als Ordner unterst\u00fctzt wurden, \u00fcbernommen. Der bisherige Veranstalter Rainer Coordes verl\u00e4sst Hildesheim, und hat angefragt, ob die Hildeheimer Skater vom MTV die Organisation \u00fcbernehmen w\u00fcrden. Nach einem kurzen Austausch \u00fcber die anfallenden Aufgaben hat Abteilungsleiter Dennis Lattacz ja gesagt, und hat auch schon die Genehmigung bei der Stadt Hildesheim beantragt, damit am 22.05. gestartet werden kann. Da es anderenfalls keine skate by night mehr gegeben h\u00e4tte, war es f\u00fcr die Inlineskater keine Frage hier einzuspringen. An zun\u00e4chst f\u00fcnf Terminen geht es \u00fcber unterschiedliche Strecken von 14 bis 20 KM durch Hildesheim. Los geht es jeweils donnerstags um 20.30 Uhr. Um die Kosten zu decken wird von jedem Teilnehmer 3,- \u20ac eingesammelt. F\u00fcr wen ist die skate by night geeignet? F\u00fcr alle, die mal ungezwungen auf den Stra\u00dfen in Begleitung mit Musik durch die Stra\u00dfen skaten wollen. Sichere Fahrweise und Bremsen sind Voraussetzung. Jetzt hei\u00dft es die letzten Vorbereitungen zu treffen, Teilnehmer zu mobilisieren und auf gutes Wetter zu hoffen. Also Inliner raus und los&#8230;.<\/p>\n\n\n<div class=\"wp-block-image\">\n<figure class=\"aligncenter size-large is-resized\"><a href=\"https:\/\/mtv48hildesheim.de\/content\/zeitung\/wp-content\/uploads\/2025\/05\/20220707_210344-scaled.jpg\"><img loading=\"lazy\" decoding=\"async\" width=\"576\" height=\"1024\" src=\"https:\/\/mtv48hildesheim.de\/content\/zeitung\/wp-content\/uploads\/2025\/05\/20220707_210344-576x1024.jpg\" alt=\"\" class=\"wp-image-2415\" style=\"width:383px;height:auto\" srcset=\"https:\/\/mtv48hildesheim.de\/content\/zeitung\/wp-content\/uploads\/2025\/05\/20220707_210344-576x1024.jpg 576w, https:\/\/mtv48hildesheim.de\/content\/zeitung\/wp-content\/uploads\/2025\/05\/20220707_210344-169x300.jpg 169w, https:\/\/mtv48hildesheim.de\/content\/zeitung\/wp-content\/uploads\/2025\/05\/20220707_210344-768x1365.jpg 768w, https:\/\/mtv48hildesheim.de\/content\/zeitung\/wp-content\/uploads\/2025\/05\/20220707_210344-864x1536.jpg 864w, https:\/\/mtv48hildesheim.de\/content\/zeitung\/wp-content\/uploads\/2025\/05\/20220707_210344-1152x2048.jpg 1152w, https:\/\/mtv48hildesheim.de\/content\/zeitung\/wp-content\/uploads\/2025\/05\/20220707_210344-scaled.jpg 1440w\" sizes=\"auto, (max-width: 576px) 100vw, 576px\" \/><\/a><\/figure>\n<\/div>\n\n<div class=\"wp-block-image\">\n<figure class=\"aligncenter size-large\"><a href=\"https:\/\/mtv48hildesheim.de\/content\/zeitung\/wp-content\/uploads\/2025\/05\/20220623_220934-scaled.jpg\"><img loading=\"lazy\" decoding=\"async\" width=\"1024\" height=\"498\" src=\"https:\/\/mtv48hildesheim.de\/content\/zeitung\/wp-content\/uploads\/2025\/05\/20220623_220934-1024x498.jpg\" alt=\"\" class=\"wp-image-2416\" srcset=\"https:\/\/mtv48hildesheim.de\/content\/zeitung\/wp-content\/uploads\/2025\/05\/20220623_220934-1024x498.jpg 1024w, https:\/\/mtv48hildesheim.de\/content\/zeitung\/wp-content\/uploads\/2025\/05\/20220623_220934-300x146.jpg 300w, https:\/\/mtv48hildesheim.de\/content\/zeitung\/wp-content\/uploads\/2025\/05\/20220623_220934-768x373.jpg 768w, https:\/\/mtv48hildesheim.de\/content\/zeitung\/wp-content\/uploads\/2025\/05\/20220623_220934-1536x747.jpg 1536w, https:\/\/mtv48hildesheim.de\/content\/zeitung\/wp-content\/uploads\/2025\/05\/20220623_220934-2048x996.jpg 2048w\" sizes=\"auto, (max-width: 1024px) 100vw, 1024px\" \/><\/a><\/figure>\n<\/div>\n\n<div class=\"wp-block-image\">\n<figure class=\"aligncenter size-large\"><a href=\"https:\/\/mtv48hildesheim.de\/content\/zeitung\/wp-content\/uploads\/2025\/05\/20220623_215125-scaled.jpg\"><img loading=\"lazy\" decoding=\"async\" width=\"1024\" height=\"498\" src=\"https:\/\/mtv48hildesheim.de\/content\/zeitung\/wp-content\/uploads\/2025\/05\/20220623_215125-1024x498.jpg\" alt=\"\" class=\"wp-image-2417\" srcset=\"https:\/\/mtv48hildesheim.de\/content\/zeitung\/wp-content\/uploads\/2025\/05\/20220623_215125-1024x498.jpg 1024w, https:\/\/mtv48hildesheim.de\/content\/zeitung\/wp-content\/uploads\/2025\/05\/20220623_215125-300x146.jpg 300w, https:\/\/mtv48hildesheim.de\/content\/zeitung\/wp-content\/uploads\/2025\/05\/20220623_215125-768x373.jpg 768w, https:\/\/mtv48hildesheim.de\/content\/zeitung\/wp-content\/uploads\/2025\/05\/20220623_215125-1536x747.jpg 1536w, https:\/\/mtv48hildesheim.de\/content\/zeitung\/wp-content\/uploads\/2025\/05\/20220623_215125-2048x996.jpg 2048w\" sizes=\"auto, (max-width: 1024px) 100vw, 1024px\" \/><\/a><\/figure>\n<\/div>\n\n\n<p><\/p>\n","protected":false},"excerpt":{"rendered":"<p>Ziemlich kurzfristig hat der MTV 48 die skate by night Veranstaltungen, die schon seit vielen Jahren in Hildesheim stattfinden, und bisher von den Inlineskatern als Ordner unterst\u00fctzt wurden, \u00fcbernommen. Der bisherige Veranstalter Rainer Coordes verl\u00e4sst Hildesheim, und hat angefragt, ob die Hildeheimer Skater vom MTV die Organisation \u00fcbernehmen w\u00fcrden. Nach einem kurzen Austausch \u00fcber die &hellip; <a href=\"https:\/\/mtv48hildesheim.de\/content\/zeitung\/2025\/05\/12\/die-inlineabteilung-veranstaltet-die-skate-by-night\/\" class=\"more-link\"><span class=\"screen-reader-text\">Die Inlineabteilung veranstaltet die skate by night<\/span> weiterlesen <span class=\"meta-nav\">&rarr;<\/span><\/a><\/p>\n","protected":false},"author":3,"featured_media":0,"comment_status":"open","ping_status":"open","sticky":false,"template":"","format":"standard","meta":{"footnotes":""},"categories":[4],"tags":[],"class_list":["post-2413","post","type-post","status-publish","format-standard","hentry","category-inlineskaten"],"_links":{"self":[{"href":"https:\/\/mtv48hildesheim.de\/content\/zeitung\/wp-json\/wp\/v2\/posts\/2413","targetHints":{"allow":["GET"]}}],"collection":[{"href":"https:\/\/mtv48hildesheim.de\/content\/zeitung\/wp-json\/wp\/v2\/posts"}],"about":[{"href":"https:\/\/mtv48hildesheim.de\/content\/zeitung\/wp-json\/wp\/v2\/types\/post"}],"author":[{"embeddable":true,"href":"https:\/\/mtv48hildesheim.de\/content\/zeitung\/wp-json\/wp\/v2\/users\/3"}],"replies":[{"embeddable":true,"href":"https:\/\/mtv48hildesheim.de\/content\/zeitung\/wp-json\/wp\/v2\/comments?post=2413"}],"version-history":[{"count":1,"href":"https:\/\/mtv48hildesheim.de\/content\/zeitung\/wp-json\/wp\/v2\/posts\/2413\/revisions"}],"predecessor-version":[{"id":2418,"href":"https:\/\/mtv48hildesheim.de\/content\/zeitung\/wp-json\/wp\/v2\/posts\/2413\/revisions\/2418"}],"wp:attachment":[{"href":"https:\/\/mtv48hildesheim.de\/content\/zeitung\/wp-json\/wp\/v2\/media?parent=2413"}],"wp:term":[{"taxonomy":"category","embeddable":true,"href":"https:\/\/mtv48hildesheim.de\/content\/zeitung\/wp-json\/wp\/v2\/categories?post=2413"},{"taxonomy":"post_tag","embeddable":true,"href":"https:\/\/mtv48hildesheim.de\/content\/zeitung\/wp-json\/wp\/v2\/tags?post=2413"}],"curies":[{"name":"wp","href":"https:\/\/api.w.org\/{rel}","templated":true}]}}