{"id":2195,"date":"2024-08-22T15:07:46","date_gmt":"2024-08-22T13:07:46","guid":{"rendered":"https:\/\/mtv48hildesheim.de\/content\/zeitung\/?p=2195"},"modified":"2024-08-22T15:08:51","modified_gmt":"2024-08-22T13:08:51","slug":"radtour-2024-der-skiabteilung","status":"publish","type":"post","link":"https:\/\/mtv48hildesheim.de\/content\/zeitung\/2024\/08\/22\/radtour-2024-der-skiabteilung\/","title":{"rendered":"Radtour der Skiabteilung"},"content":{"rendered":"\n<figure class=\"wp-block-image size-large\"><a href=\"https:\/\/mtv48hildesheim.de\/content\/zeitung\/wp-content\/uploads\/2024\/08\/24-07-28-RT-Haemelerwald-79-scaled.jpg\"><img loading=\"lazy\" decoding=\"async\" width=\"1024\" height=\"572\" src=\"https:\/\/mtv48hildesheim.de\/content\/zeitung\/wp-content\/uploads\/2024\/08\/24-07-28-RT-Haemelerwald-79-1024x572.jpg\" alt=\"\" class=\"wp-image-2194\" srcset=\"https:\/\/mtv48hildesheim.de\/content\/zeitung\/wp-content\/uploads\/2024\/08\/24-07-28-RT-Haemelerwald-79-1024x572.jpg 1024w, https:\/\/mtv48hildesheim.de\/content\/zeitung\/wp-content\/uploads\/2024\/08\/24-07-28-RT-Haemelerwald-79-300x167.jpg 300w, https:\/\/mtv48hildesheim.de\/content\/zeitung\/wp-content\/uploads\/2024\/08\/24-07-28-RT-Haemelerwald-79-768x429.jpg 768w, https:\/\/mtv48hildesheim.de\/content\/zeitung\/wp-content\/uploads\/2024\/08\/24-07-28-RT-Haemelerwald-79-1536x857.jpg 1536w, https:\/\/mtv48hildesheim.de\/content\/zeitung\/wp-content\/uploads\/2024\/08\/24-07-28-RT-Haemelerwald-79-2048x1143.jpg 2048w\" sizes=\"auto, (max-width: 1024px) 100vw, 1024px\" \/><\/a><figcaption class=\"wp-element-caption\">Gruppenbild am Aussichtspunkt &#8222;Renaturierter Bruchgraben&#8220;<\/figcaption><\/figure>\n\n\n\n<p>Die diesj\u00e4hrige Radtour der Skiabteilung fand am 28.07. statt. Gudrun und Bernd Krawietz hatten zusammen mit Olaf Sander eine gem\u00fctliche Runde durch die Hildesheimer B\u00f6rdelandschaft bis in den Landkreis Peine und die Region Hannover vorbereitet. Die Radler trafen sich an der Von-Kettler-Stra\u00dfe im Gewerbegebiet Harsum.<\/p>\n\n\n\n<p>Von hier aus ging des zun\u00e4chst zur Bruchgrabenbr\u00fccke zwischen Borsum und Br\u00fcndeln und dann weiter nach Hohenhameln. \u00dcber Ohlum erreichten die Radler die Markuskirche in Equord.\u00a0 Diese Dorfkirche, die auf Gehei\u00df des Freiherrn von Hammerstein erbaut und 1710 fertiggestellt wurde, ist ein Beispiel italienischer Barokbaukunst in Niedersachsen und wird deshalb auch \u201eKleiner Petersdom\u201c genannt. Nicht eingeplant war eine kleine F\u00fchrung durch ein Mitglied des Kirchenvorstandes, der im Haus gegen\u00fcber wohnt. Er sah die Radlerinnen und Radler vor der Kirche, hatte einen Schl\u00fcssel und bot sich f\u00fcr eine kleine F\u00fchrung an.<\/p>\n\n\n\n<figure class=\"wp-block-image size-large\"><a href=\"https:\/\/mtv48hildesheim.de\/content\/zeitung\/wp-content\/uploads\/2024\/08\/24-07-28-RT-Haemelerwald-18-scaled.jpg\"><img loading=\"lazy\" decoding=\"async\" width=\"1024\" height=\"576\" src=\"https:\/\/mtv48hildesheim.de\/content\/zeitung\/wp-content\/uploads\/2024\/08\/24-07-28-RT-Haemelerwald-18-1024x576.jpg\" alt=\"\" class=\"wp-image-2191\" srcset=\"https:\/\/mtv48hildesheim.de\/content\/zeitung\/wp-content\/uploads\/2024\/08\/24-07-28-RT-Haemelerwald-18-1024x576.jpg 1024w, https:\/\/mtv48hildesheim.de\/content\/zeitung\/wp-content\/uploads\/2024\/08\/24-07-28-RT-Haemelerwald-18-300x169.jpg 300w, https:\/\/mtv48hildesheim.de\/content\/zeitung\/wp-content\/uploads\/2024\/08\/24-07-28-RT-Haemelerwald-18-768x432.jpg 768w, https:\/\/mtv48hildesheim.de\/content\/zeitung\/wp-content\/uploads\/2024\/08\/24-07-28-RT-Haemelerwald-18-1536x864.jpg 1536w, https:\/\/mtv48hildesheim.de\/content\/zeitung\/wp-content\/uploads\/2024\/08\/24-07-28-RT-Haemelerwald-18-2048x1152.jpg 2048w\" sizes=\"auto, (max-width: 1024px) 100vw, 1024px\" \/><\/a><figcaption class=\"wp-element-caption\">Die Markuskirche in Equord, der &#8222;Kleine Petersdom&#8220;<\/figcaption><\/figure>\n\n\n\n<p>Nach der Besichtigung ging es weiter \u00fcber den Mittellandkanal am ehemaligen Kraftwerk Mehrum vorbei nach H\u00e4melerwald, wo das Organisationsteam einen sch\u00f6nen Pausenplatz am Hainwald gefunden hatte. Gut gest\u00e4rkt f\u00fchrte die Strecke dann durch den eigentlichen H\u00e4meler Wald und das freie Feld zum Gutshof Rethmar. Hier musste etwas Slalom um die Pf\u00fctzen gefahren werden, die der Regen am Vortag und in der Nacht hinterlassen hatte.<\/p>\n\n\n\n<figure class=\"wp-block-image size-large\"><a href=\"https:\/\/mtv48hildesheim.de\/content\/zeitung\/wp-content\/uploads\/2024\/08\/24-07-28-RT-Haemelerwald-58-scaled.jpg\"><img loading=\"lazy\" decoding=\"async\" width=\"1024\" height=\"576\" src=\"https:\/\/mtv48hildesheim.de\/content\/zeitung\/wp-content\/uploads\/2024\/08\/24-07-28-RT-Haemelerwald-58-1024x576.jpg\" alt=\"\" class=\"wp-image-2192\" srcset=\"https:\/\/mtv48hildesheim.de\/content\/zeitung\/wp-content\/uploads\/2024\/08\/24-07-28-RT-Haemelerwald-58-1024x576.jpg 1024w, https:\/\/mtv48hildesheim.de\/content\/zeitung\/wp-content\/uploads\/2024\/08\/24-07-28-RT-Haemelerwald-58-300x169.jpg 300w, https:\/\/mtv48hildesheim.de\/content\/zeitung\/wp-content\/uploads\/2024\/08\/24-07-28-RT-Haemelerwald-58-768x432.jpg 768w, https:\/\/mtv48hildesheim.de\/content\/zeitung\/wp-content\/uploads\/2024\/08\/24-07-28-RT-Haemelerwald-58-1536x864.jpg 1536w, https:\/\/mtv48hildesheim.de\/content\/zeitung\/wp-content\/uploads\/2024\/08\/24-07-28-RT-Haemelerwald-58-2048x1152.jpg 2048w\" sizes=\"auto, (max-width: 1024px) 100vw, 1024px\" \/><\/a><figcaption class=\"wp-element-caption\">Ganz sch\u00f6n matschig zwischen H\u00e4meler Wald und Rethmar!<\/figcaption><\/figure>\n\n\n\n<p>Im Gutshof Rethmar war schon alles vorbereitet. Der Kuchen stand bereit und der Kaffee war gekocht, denn das Organisationsteam hatte die Radler angemeldet. So konnte man sich in gem\u00fctlicher Runde noch etwas austauschen oder auch mal das ganze Gutsgel\u00e4nde in Augenschein nehmen.<\/p>\n\n\n\n<p>Nach ausgiebiger Pause f\u00fchrte Olaf die Gruppe bis nach Sehnde am Mittellandkanal entlang. Dort ging es \u00fcber den Kanal und weiter \u00fcber L\u00fchnde und Algermissen zum recht neuen Aussichtspunkt am renaturierten Bruchgraben, wo nochmals eine kleine Pause eingelegt wurde.<\/p>\n\n\n\n<p>Insgesamt hatten Gudrun, Bernd und Olaf wieder eine Radtour mit einigen interessanten Programmpunkten vorbereitet. Und das Wetter hat auch mitgespielt.<\/p>\n\n\n\n<figure class=\"wp-block-image size-large\"><a href=\"https:\/\/mtv48hildesheim.de\/content\/zeitung\/wp-content\/uploads\/2024\/08\/24-07-28-RT-Haemelerwald-66-scaled.jpg\"><img loading=\"lazy\" decoding=\"async\" width=\"1024\" height=\"576\" src=\"https:\/\/mtv48hildesheim.de\/content\/zeitung\/wp-content\/uploads\/2024\/08\/24-07-28-RT-Haemelerwald-66-1024x576.jpg\" alt=\"\" class=\"wp-image-2193\" srcset=\"https:\/\/mtv48hildesheim.de\/content\/zeitung\/wp-content\/uploads\/2024\/08\/24-07-28-RT-Haemelerwald-66-1024x576.jpg 1024w, https:\/\/mtv48hildesheim.de\/content\/zeitung\/wp-content\/uploads\/2024\/08\/24-07-28-RT-Haemelerwald-66-300x169.jpg 300w, https:\/\/mtv48hildesheim.de\/content\/zeitung\/wp-content\/uploads\/2024\/08\/24-07-28-RT-Haemelerwald-66-768x432.jpg 768w, https:\/\/mtv48hildesheim.de\/content\/zeitung\/wp-content\/uploads\/2024\/08\/24-07-28-RT-Haemelerwald-66-1536x864.jpg 1536w, https:\/\/mtv48hildesheim.de\/content\/zeitung\/wp-content\/uploads\/2024\/08\/24-07-28-RT-Haemelerwald-66-2048x1152.jpg 2048w\" sizes=\"auto, (max-width: 1024px) 100vw, 1024px\" \/><\/a><figcaption class=\"wp-element-caption\">Hier l\u00e4uft es besser &#8211; und die Sonne scheint auch<\/figcaption><\/figure>\n\n\n\n<p><em>Text: Rolf Pfeiffer &#8211; Fotos: Bernd Krawietz<\/em><\/p>\n\n\n\n<p><\/p>\n","protected":false},"excerpt":{"rendered":"<p>Die diesj\u00e4hrige Radtour der Skiabteilung fand am 28.07. statt. Gudrun und Bernd Krawietz hatten zusammen mit Olaf Sander eine gem\u00fctliche Runde durch die Hildesheimer B\u00f6rdelandschaft bis in den Landkreis Peine und die Region Hannover vorbereitet. Die Radler trafen sich an der Von-Kettler-Stra\u00dfe im Gewerbegebiet Harsum. Von hier aus ging des zun\u00e4chst zur Bruchgrabenbr\u00fccke zwischen Borsum &hellip; <a href=\"https:\/\/mtv48hildesheim.de\/content\/zeitung\/2024\/08\/22\/radtour-2024-der-skiabteilung\/\" class=\"more-link\"><span class=\"screen-reader-text\">Radtour der Skiabteilung<\/span> weiterlesen <span class=\"meta-nav\">&rarr;<\/span><\/a><\/p>\n","protected":false},"author":4,"featured_media":0,"comment_status":"open","ping_status":"open","sticky":false,"template":"","format":"standard","meta":{"footnotes":""},"categories":[1,17,38],"tags":[],"class_list":["post-2195","post","type-post","status-publish","format-standard","hentry","category-allgemein","category-skisport","category-ueber-uns"],"_links":{"self":[{"href":"https:\/\/mtv48hildesheim.de\/content\/zeitung\/wp-json\/wp\/v2\/posts\/2195","targetHints":{"allow":["GET"]}}],"collection":[{"href":"https:\/\/mtv48hildesheim.de\/content\/zeitung\/wp-json\/wp\/v2\/posts"}],"about":[{"href":"https:\/\/mtv48hildesheim.de\/content\/zeitung\/wp-json\/wp\/v2\/types\/post"}],"author":[{"embeddable":true,"href":"https:\/\/mtv48hildesheim.de\/content\/zeitung\/wp-json\/wp\/v2\/users\/4"}],"replies":[{"embeddable":true,"href":"https:\/\/mtv48hildesheim.de\/content\/zeitung\/wp-json\/wp\/v2\/comments?post=2195"}],"version-history":[{"count":3,"href":"https:\/\/mtv48hildesheim.de\/content\/zeitung\/wp-json\/wp\/v2\/posts\/2195\/revisions"}],"predecessor-version":[{"id":2198,"href":"https:\/\/mtv48hildesheim.de\/content\/zeitung\/wp-json\/wp\/v2\/posts\/2195\/revisions\/2198"}],"wp:attachment":[{"href":"https:\/\/mtv48hildesheim.de\/content\/zeitung\/wp-json\/wp\/v2\/media?parent=2195"}],"wp:term":[{"taxonomy":"category","embeddable":true,"href":"https:\/\/mtv48hildesheim.de\/content\/zeitung\/wp-json\/wp\/v2\/categories?post=2195"},{"taxonomy":"post_tag","embeddable":true,"href":"https:\/\/mtv48hildesheim.de\/content\/zeitung\/wp-json\/wp\/v2\/tags?post=2195"}],"curies":[{"name":"wp","href":"https:\/\/api.w.org\/{rel}","templated":true}]}}