{"id":1328,"date":"2021-08-03T16:24:14","date_gmt":"2021-08-03T14:24:14","guid":{"rendered":"https:\/\/mtv48hildesheim.de\/content\/zeitung\/?p=1328"},"modified":"2021-08-14T03:15:59","modified_gmt":"2021-08-14T01:15:59","slug":"inlineskater-koennen-wieder-starten","status":"publish","type":"post","link":"https:\/\/mtv48hildesheim.de\/content\/zeitung\/2021\/08\/03\/inlineskater-koennen-wieder-starten\/","title":{"rendered":"Inlineskater k\u00f6nnen wieder starten"},"content":{"rendered":"\n<p>Bereits beim 18KM Rennen in Gro\u00dfr\u00e4schen konnten die Hildesheimer wieder Wettkampfluft in einem Massenstartrennen schnuppern. Letztes Jahr ging es noch einzeln auf die Strecke, dieses Mal war bereits wieder das Fahren in Gruppen m\u00f6glich. Bereits zum Start ging es f\u00fcr die Hildesheimer Philipp Minnich, Dennis Lattacz, Hendrik Osterbuhr und Maja Lattacz eine kurze steile Strecke aus dem Hafengebiet raus, wobei sich schon einige Gruppen bildeten. Philipp versuchte noch am sp\u00e4teren Sieger und ehemaligen Weltmeister Alexander Bastidas dran zu bleiben, musste diesen aber auch nach wenigen Kilomteren ziehen lassen. Er fand sich dann in einer 8 Mann starken Verfolgergruppe mit seinem Teamkameraden Dennis wieder. Dieser versuchte nun st\u00e4ndig aus der Gruppe auszurei\u00dfen. Auf den letzten Kilometern konnte er einen kleinen Vorsprung herausfahren, wurde aber kurz vorm Ziel wieder eingeholt. Im Ziel wurde er dann 6., Phillip erreichte das Ziel als Vierter. In der n\u00e4chsten Gruppe kam dann auch schon Hendrik als 16. ins Ziel. Auch Maja schlug sich bei ihrem ersten Langstreckenrennen sehr gut, und belegte einen starken 3. Platz in ihrer Altersklasse.<\/p>\n\n\n\n<figure class=\"wp-block-image size-large is-resized\"><a href=\"https:\/\/mtv48hildesheim.de\/content\/zeitung\/wp-content\/uploads\/2021\/08\/20210711_144852-scaled.jpg\"><img loading=\"lazy\" decoding=\"async\" src=\"https:\/\/mtv48hildesheim.de\/content\/zeitung\/wp-content\/uploads\/2021\/08\/20210711_144852-1024x576.jpg\" alt=\"\" class=\"wp-image-1329\" width=\"548\" height=\"308\" srcset=\"https:\/\/mtv48hildesheim.de\/content\/zeitung\/wp-content\/uploads\/2021\/08\/20210711_144852-1024x576.jpg 1024w, https:\/\/mtv48hildesheim.de\/content\/zeitung\/wp-content\/uploads\/2021\/08\/20210711_144852-300x169.jpg 300w, https:\/\/mtv48hildesheim.de\/content\/zeitung\/wp-content\/uploads\/2021\/08\/20210711_144852-768x432.jpg 768w, https:\/\/mtv48hildesheim.de\/content\/zeitung\/wp-content\/uploads\/2021\/08\/20210711_144852-1536x864.jpg 1536w, https:\/\/mtv48hildesheim.de\/content\/zeitung\/wp-content\/uploads\/2021\/08\/20210711_144852-2048x1152.jpg 2048w\" sizes=\"auto, (max-width: 548px) 100vw, 548px\" \/><\/a><figcaption>Dennis, Maja, Gastfahrerin Aida, Hendrik und Philipp in Gro\u00dfr\u00e4schen<\/figcaption><\/figure>\n\n\n\n<p>Auch das X-Race auf dem Spreewaldring konnte mit einem enstprechenden Hygienkonzept starten. So machten sich ein Teil des Hildesheimer Teams auf, den kurvenreichen Halbmarathon auf der Rennstrecke zu bew\u00e4ltigen. Das Starterfeld war hier noch ein Mal gr\u00f6\u00dfer und st\u00e4rker. Auch hier machte gleich zu Beginn Alex Bastidas klar, dass der Sieg nur \u00fcber ihn  gehen w\u00fcrde, und schlug ein hohes Tempo an, dem nur wenige folgen konnten. Dennis fand sich in der ersten gr\u00f6\u00dferen Verfolgergruppe wieder, in der er auch bis zum Schluss bleiben konnte. In einer schnellen Zeit von 36:15 Minuten erreichte er als 15.  das Ziel, J\u00fcrgen Markfeld und Hendrik finishten als 21. und 25. in 38:32 und 38:33 Minuten. In der Fitnessklasse schlugen sich Thomas Wenzel, Alexander und Nico Dre\u00dfler beachtlich.  Thomas wurde in 49: 26 Minuten 5. der Aktivenklasse, Alex in 50:43 Minuten 2. der M40 und Nico wurde in 54:56 Sieger der m\u00e4nnlichen Jugend. <\/p>\n\n\n\n<p>Auch die Damen waren in ihrem eigenem Rennen am Start. Maja hielt sich in ihrem ersten Halbmarathon ( Diese Strecke ist erst ab 15 frei gegeben) sehr gut, und fuhr einige Runden bei den starken Damen mit, bis die Kr\u00e4fte nachlie\u00dfen, und sie sich alleine \u00fcber die n\u00e4chsten Runden qu\u00e4len musste. Trotzdem reichte es noch zum ersten Platz in ihrer Altersklasse und zum 17. Gesamtplatz in 46:57 Minuten. Kurz dahinter kam Stephanie Leu als 18. in 49:59 ins Ziel, die sich \u00fcber das ganze Rennen in einer kleinen Gruppe aufgehalten hatte, in der sie viel F\u00fchrungsarbeite geleistet hat, und deren Zielsprint sie dann gewinnen konnte.<\/p>\n\n\n\n<p>Herzlichen Gl\u00fcckwunsch!<\/p>\n\n\n\n<figure class=\"wp-block-image size-large is-resized\"><a href=\"https:\/\/mtv48hildesheim.de\/content\/zeitung\/wp-content\/uploads\/2021\/08\/IMG-20210801-WA0008.jpg\"><img loading=\"lazy\" decoding=\"async\" src=\"https:\/\/mtv48hildesheim.de\/content\/zeitung\/wp-content\/uploads\/2021\/08\/IMG-20210801-WA0008-1024x576.jpg\" alt=\"\" class=\"wp-image-1330\" width=\"453\" height=\"255\" srcset=\"https:\/\/mtv48hildesheim.de\/content\/zeitung\/wp-content\/uploads\/2021\/08\/IMG-20210801-WA0008-1024x576.jpg 1024w, https:\/\/mtv48hildesheim.de\/content\/zeitung\/wp-content\/uploads\/2021\/08\/IMG-20210801-WA0008-300x169.jpg 300w, https:\/\/mtv48hildesheim.de\/content\/zeitung\/wp-content\/uploads\/2021\/08\/IMG-20210801-WA0008-768x432.jpg 768w, https:\/\/mtv48hildesheim.de\/content\/zeitung\/wp-content\/uploads\/2021\/08\/IMG-20210801-WA0008.jpg 1416w\" sizes=\"auto, (max-width: 453px) 100vw, 453px\" \/><\/a><figcaption>Alex, Steffi, Nico, Maja, Dennis, Thomas, Maskottchen Charlotte, J\u00fcrgen und Hendrik beim X-race<\/figcaption><\/figure>\n\n\n\n<figure class=\"wp-block-image size-large is-resized\"><a href=\"https:\/\/mtv48hildesheim.de\/content\/zeitung\/wp-content\/uploads\/2021\/08\/IMG-20210801-WA0001.jpg\"><img loading=\"lazy\" decoding=\"async\" src=\"https:\/\/mtv48hildesheim.de\/content\/zeitung\/wp-content\/uploads\/2021\/08\/IMG-20210801-WA0001-1024x683.jpg\" alt=\"\" class=\"wp-image-1331\" width=\"427\" height=\"284\" srcset=\"https:\/\/mtv48hildesheim.de\/content\/zeitung\/wp-content\/uploads\/2021\/08\/IMG-20210801-WA0001-1024x683.jpg 1024w, https:\/\/mtv48hildesheim.de\/content\/zeitung\/wp-content\/uploads\/2021\/08\/IMG-20210801-WA0001-300x200.jpg 300w, https:\/\/mtv48hildesheim.de\/content\/zeitung\/wp-content\/uploads\/2021\/08\/IMG-20210801-WA0001-768x512.jpg 768w, https:\/\/mtv48hildesheim.de\/content\/zeitung\/wp-content\/uploads\/2021\/08\/IMG-20210801-WA0001-1536x1024.jpg 1536w, https:\/\/mtv48hildesheim.de\/content\/zeitung\/wp-content\/uploads\/2021\/08\/IMG-20210801-WA0001.jpg 1599w\" sizes=\"auto, (max-width: 427px) 100vw, 427px\" \/><\/a><figcaption>Maja in der Verfolgergruppe<\/figcaption><\/figure>\n","protected":false},"excerpt":{"rendered":"<p>Bereits beim 18KM Rennen in Gro\u00dfr\u00e4schen konnten die Hildesheimer wieder Wettkampfluft in einem Massenstartrennen schnuppern. Letztes Jahr ging es noch einzeln auf die Strecke, dieses Mal war bereits wieder das Fahren in Gruppen m\u00f6glich. Bereits zum Start ging es f\u00fcr die Hildesheimer Philipp Minnich, Dennis Lattacz, Hendrik Osterbuhr und Maja Lattacz eine kurze steile Strecke &hellip; <a href=\"https:\/\/mtv48hildesheim.de\/content\/zeitung\/2021\/08\/03\/inlineskater-koennen-wieder-starten\/\" class=\"more-link\"><span class=\"screen-reader-text\">Inlineskater k\u00f6nnen wieder starten<\/span> weiterlesen <span class=\"meta-nav\">&rarr;<\/span><\/a><\/p>\n","protected":false},"author":7,"featured_media":0,"comment_status":"open","ping_status":"open","sticky":false,"template":"","format":"standard","meta":{"footnotes":""},"categories":[4],"tags":[],"class_list":["post-1328","post","type-post","status-publish","format-standard","hentry","category-inlineskaten"],"_links":{"self":[{"href":"https:\/\/mtv48hildesheim.de\/content\/zeitung\/wp-json\/wp\/v2\/posts\/1328","targetHints":{"allow":["GET"]}}],"collection":[{"href":"https:\/\/mtv48hildesheim.de\/content\/zeitung\/wp-json\/wp\/v2\/posts"}],"about":[{"href":"https:\/\/mtv48hildesheim.de\/content\/zeitung\/wp-json\/wp\/v2\/types\/post"}],"author":[{"embeddable":true,"href":"https:\/\/mtv48hildesheim.de\/content\/zeitung\/wp-json\/wp\/v2\/users\/7"}],"replies":[{"embeddable":true,"href":"https:\/\/mtv48hildesheim.de\/content\/zeitung\/wp-json\/wp\/v2\/comments?post=1328"}],"version-history":[{"count":3,"href":"https:\/\/mtv48hildesheim.de\/content\/zeitung\/wp-json\/wp\/v2\/posts\/1328\/revisions"}],"predecessor-version":[{"id":1343,"href":"https:\/\/mtv48hildesheim.de\/content\/zeitung\/wp-json\/wp\/v2\/posts\/1328\/revisions\/1343"}],"wp:attachment":[{"href":"https:\/\/mtv48hildesheim.de\/content\/zeitung\/wp-json\/wp\/v2\/media?parent=1328"}],"wp:term":[{"taxonomy":"category","embeddable":true,"href":"https:\/\/mtv48hildesheim.de\/content\/zeitung\/wp-json\/wp\/v2\/categories?post=1328"},{"taxonomy":"post_tag","embeddable":true,"href":"https:\/\/mtv48hildesheim.de\/content\/zeitung\/wp-json\/wp\/v2\/tags?post=1328"}],"curies":[{"name":"wp","href":"https:\/\/api.w.org\/{rel}","templated":true}]}}